{"id":1498,"date":"2022-06-20T14:53:24","date_gmt":"2022-06-20T14:53:24","guid":{"rendered":"https:\/\/cienciaaberta.org\/?p=1498"},"modified":"2023-04-20T14:55:05","modified_gmt":"2023-04-20T14:55:05","slug":"a-amd-lexical","status":"publish","type":"post","link":"https:\/\/cienciaaberta.org\/en\/2022\/06\/20\/a-amd-lexical\/","title":{"rendered":"A AMD Lexical"},"content":{"rendered":"<p>Quando falamos de ci\u00eancia, falamos de m\u00e9todo, de metodologia. A ci\u00eancia \u00e9 estruturada num alicerce de teorias base, seus avan\u00e7os metodol\u00f3gicos que levam a novas descobertas. Minha pesquisa, bem discutida com meu orientador e pares do GELC (Grupo de Estudos da Lingu\u00edstica de Corpus) da PUC-SP, partiu da suposi\u00e7\u00e3o que existem diferentes discursos acerca da \u201csustentabilidade\u201d, mas entre os mais diversos discursos h\u00e1 aqueles que possibilitam sintetizar a varia\u00e7\u00e3o lexical em termos de padr\u00f5es dimensionais (KAUFFMANN, 2020; DELFINO; ARAUJO; BERBER SARDINHA, 2018). Minha pesquisa tem como metodologia e teoria central An\u00e1lise Multidimensional lexical (BERBER SARDINHA, 2014; 2017; 2019; 2020; 2021; BERBER SARDINHA; FITZSIMMONS-DOOLAN, in prep.), derivada da An\u00e1lise Multidimensional de cunho funcional (BIBER, 1988; BERBER SARDINHA; VEIRANO PINTO, 2014; 2019), que aponta conjuntos de itens lexicais relacionados. A AMD Lexical, apesar de \u00a0usar a mesma t\u00e9cnica estat\u00edstica da AMD funcional, \u00a0ela \u00e9 diferente porque baseia sua an\u00e1lise em vari\u00e1veis lexicais, e n\u00e3o nas de natureza gramatical\/funcional, como na AMD de Biber.<\/p>\n<p>O mais legal da AMD Lexical, para o meu objetivo de estudo, \u00e9 que ela permite a identifica\u00e7\u00e3o de DISCURSOS. Chegamos ao discurso atrav\u00e9s da an\u00e1lise de todos os fatores que ser\u00e3o nomeados em dimens\u00f5es discursivas.<\/p>","protected":false},"excerpt":{"rendered":"<p>Quando falamos de ci\u00eancia, falamos de m\u00e9todo, de metodologia. A ci\u00eancia \u00e9 estruturada num alicerce de teorias base, seus avan\u00e7os [&hellip;]<\/p>","protected":false},"author":3,"featured_media":0,"comment_status":"open","ping_status":"open","sticky":false,"template":"","format":"standard","meta":{"ngg_post_thumbnail":0,"footnotes":""},"categories":[1],"tags":[],"class_list":["post-1498","post","type-post","status-publish","format-standard","hentry","category-uncategorized"],"jetpack_featured_media_url":"","_links":{"self":[{"href":"https:\/\/cienciaaberta.org\/en\/wp-json\/wp\/v2\/posts\/1498","targetHints":{"allow":["GET"]}}],"collection":[{"href":"https:\/\/cienciaaberta.org\/en\/wp-json\/wp\/v2\/posts"}],"about":[{"href":"https:\/\/cienciaaberta.org\/en\/wp-json\/wp\/v2\/types\/post"}],"author":[{"embeddable":true,"href":"https:\/\/cienciaaberta.org\/en\/wp-json\/wp\/v2\/users\/3"}],"replies":[{"embeddable":true,"href":"https:\/\/cienciaaberta.org\/en\/wp-json\/wp\/v2\/comments?post=1498"}],"version-history":[{"count":1,"href":"https:\/\/cienciaaberta.org\/en\/wp-json\/wp\/v2\/posts\/1498\/revisions"}],"predecessor-version":[{"id":1499,"href":"https:\/\/cienciaaberta.org\/en\/wp-json\/wp\/v2\/posts\/1498\/revisions\/1499"}],"wp:attachment":[{"href":"https:\/\/cienciaaberta.org\/en\/wp-json\/wp\/v2\/media?parent=1498"}],"wp:term":[{"taxonomy":"category","embeddable":true,"href":"https:\/\/cienciaaberta.org\/en\/wp-json\/wp\/v2\/categories?post=1498"},{"taxonomy":"post_tag","embeddable":true,"href":"https:\/\/cienciaaberta.org\/en\/wp-json\/wp\/v2\/tags?post=1498"}],"curies":[{"name":"wp","href":"https:\/\/api.w.org\/{rel}","templated":true}]}}