{"id":294,"date":"2022-02-16T00:40:23","date_gmt":"2022-02-16T00:40:23","guid":{"rendered":"https:\/\/cienciaaberta.org\/?p=294"},"modified":"2022-02-16T00:40:23","modified_gmt":"2022-02-16T00:40:23","slug":"apresentacao-do-projeto-de-pesquisa-o-debate-em-tempos-de-transformacao-digital","status":"publish","type":"post","link":"https:\/\/cienciaaberta.org\/en\/2022\/02\/16\/apresentacao-do-projeto-de-pesquisa-o-debate-em-tempos-de-transformacao-digital\/","title":{"rendered":"Apresenta\u00e7\u00e3o do Projeto de Pesquisa: O Debate em Tempos de Transforma\u00e7\u00e3o Digital"},"content":{"rendered":"<p>Oi, pessoal!<\/p>\n<p>Meu nome \u00e9 Carolina, trabalho no mundo corporativo h\u00e1 15 anos e, no ano passado, decidi come\u00e7ar no mestrado para pesquisar uma quest\u00e3o que me intrigava em algumas intera\u00e7\u00f5es na empresa: por que algumas reuni\u00f5es terminavam em bons debates e outras n\u00e3o? Foi da\u00ed que comecei a pesquisar que estrat\u00e9gias discursivas estimulavam ou desencorajavam o debate nas organiza\u00e7\u00f5es. E se h\u00e1 diferen\u00e7as nesses resultados considerando os diferentes est\u00e1gios de cultura organizacional.<\/p>\n<p>No material em anexo, voc\u00eas encontram mais detalhes sobre a proposta. At\u00e9 agora, o maior desafio tem sido a coleta de dados. Como ter acesso a intera\u00e7\u00f5es que acontecem dentro das companhias e, possivelmente, exp\u00f5em dados confidenciais sobre a estrat\u00e9gia das empresas estudadas? Ainda estou avaliando caminhos, mas sigo entusiasmada com o projeto! Acho que tem como potencial ajudar outras pessoas a verem din\u00e2micas discursivas quase invis\u00edveis que nos impedem de seguir com conversas ou projetos importantes.<\/p>\n<p>Compartilharei com voc\u00eas a evolu\u00e7\u00e3o por aqui.<\/p>\n<p>At\u00e9 j\u00e1!<\/p>\n<a href=\"https:\/\/cienciaaberta.org\/wp-content\/uploads\/2022\/02\/O-Debate-em-Tempos-de-Transformacao-Digital.pdf\" class=\"pdfemb-viewer\" style=\"\" data-width=\"max\" data-height=\"max\"  data-toolbar=\"bottom\" data-toolbar-fixed=\"off\">O Debate em Tempos de Transforma\u00e7\u00e3o Digital<br\/><\/a>\n<p>&nbsp;<\/p>\n<p>&nbsp;<\/p>","protected":false},"excerpt":{"rendered":"<p>Oi, pessoal! Meu nome \u00e9 Carolina, trabalho no mundo corporativo h\u00e1 15 anos e, no ano passado, decidi come\u00e7ar no [&hellip;]<\/p>","protected":false},"author":6,"featured_media":0,"comment_status":"open","ping_status":"open","sticky":false,"template":"","format":"standard","meta":{"ngg_post_thumbnail":0,"footnotes":""},"categories":[1],"tags":[],"class_list":["post-294","post","type-post","status-publish","format-standard","hentry","category-uncategorized"],"jetpack_featured_media_url":"","_links":{"self":[{"href":"https:\/\/cienciaaberta.org\/en\/wp-json\/wp\/v2\/posts\/294","targetHints":{"allow":["GET"]}}],"collection":[{"href":"https:\/\/cienciaaberta.org\/en\/wp-json\/wp\/v2\/posts"}],"about":[{"href":"https:\/\/cienciaaberta.org\/en\/wp-json\/wp\/v2\/types\/post"}],"author":[{"embeddable":true,"href":"https:\/\/cienciaaberta.org\/en\/wp-json\/wp\/v2\/users\/6"}],"replies":[{"embeddable":true,"href":"https:\/\/cienciaaberta.org\/en\/wp-json\/wp\/v2\/comments?post=294"}],"version-history":[{"count":2,"href":"https:\/\/cienciaaberta.org\/en\/wp-json\/wp\/v2\/posts\/294\/revisions"}],"predecessor-version":[{"id":297,"href":"https:\/\/cienciaaberta.org\/en\/wp-json\/wp\/v2\/posts\/294\/revisions\/297"}],"wp:attachment":[{"href":"https:\/\/cienciaaberta.org\/en\/wp-json\/wp\/v2\/media?parent=294"}],"wp:term":[{"taxonomy":"category","embeddable":true,"href":"https:\/\/cienciaaberta.org\/en\/wp-json\/wp\/v2\/categories?post=294"},{"taxonomy":"post_tag","embeddable":true,"href":"https:\/\/cienciaaberta.org\/en\/wp-json\/wp\/v2\/tags?post=294"}],"curies":[{"name":"wp","href":"https:\/\/api.w.org\/{rel}","templated":true}]}}